{"id":136,"date":"2021-11-11T08:50:00","date_gmt":"2021-11-11T08:50:00","guid":{"rendered":"https:\/\/ucef.fi\/?p=136"},"modified":"2025-05-02T08:58:06","modified_gmt":"2025-05-02T08:58:06","slug":"ucefin-syyswebinaari-jatkuvan-oppimisen-ekosysteemi-7-8-12-2021","status":"publish","type":"post","link":"https:\/\/ucef.fi\/index.php\/2021\/11\/11\/ucefin-syyswebinaari-jatkuvan-oppimisen-ekosysteemi-7-8-12-2021\/","title":{"rendered":"UCEFin syyswebinaari: Jatkuvan oppimisen ekosysteemi 7.-8.12.2021"},"content":{"rendered":"\n<p>T\u00e4m\u00e4n vuoden syysseminaarissa keski\u00f6ss\u00e4 on jatkuvan oppimisen ekosysteemi ja sen kehitt\u00e4minen. Aikaa on varattu my\u00f6s keskusteluun ja kysymyksiin.<\/p>\n\n\n\n<p>Webinaariin ovat tervetulleita kaikki yliopistojen ja ammattikorkeakoulujen jatkuvan oppimisen parissa ty\u00f6skentelev\u00e4t. Webinaari on maksuton ja se toteutetaan Zoomilla.<\/p>\n\n\n\n<p><strong>Tiistai 7.12.2021 klo 12.00-15.00<\/strong><\/p>\n\n\n\n<p><strong>klo 12.00 Avaussanat<\/strong><br>Puheenjohtaja Timo Halttunen, UCEF<\/p>\n\n\n\n<p><strong>klo 12.10 Tilannekatsaus Jatkuvan oppimisen ja ty\u00f6llisyyden palvelukeskuksesta<br><\/strong>Johtaja Kirsi Heinivirta, Jatkuvan oppimisen ja ty\u00f6llisyyden palvelukeskus<\/p>\n\n\n\n<p><strong>klo 13.00 Havaintoja jatkuvan oppimisen ekosysteemist\u00e4<br><\/strong>Johtaja Riikka-Maria Yli-Suomu, Keski-Uudenmaan koulutuskuntayhtym\u00e4 KEUDA<\/p>\n\n\n\n<p><strong>klo 13.45 Jaloittelutauko<\/strong><\/p>\n\n\n\n<p><strong>klo 14.00 Miten osaamiskeskittym\u00e4t syntyv\u00e4t?<br><\/strong>Vanhempi neuvonantaja Tapio Huttula, Osaamisen aika, SITRA<\/p>\n\n\n\n<p><strong>Keskiviikko 8.12.2021 klo 12.00-15.00<\/strong><\/p>\n\n\n\n<p><strong>klo 12.00 P\u00e4iv\u00e4n avaus<\/strong><\/p>\n\n\n\n<p><strong>klo 12.05 Teknologiateollisuuden n\u00e4k\u00f6kulma jatkuvaan oppimiseen<\/strong><br>Touko Apajalahti, Teknologiateollisuus ry<\/p>\n\n\n\n<p><strong>klo 13.00&nbsp;Yhteisty\u00f6 korkeakoulusektorien v\u00e4lill\u00e4<br><\/strong>Ida Mielityinen, ARENE<\/p>\n\n\n\n<p><strong>Keskustelu<\/strong>: Mit\u00e4 haemme korkeakouluyhteisty\u00f6lt\u00e4 jatkuvassa oppimisessa?<\/p>\n\n\n\n<p><strong>klo 14.00 Jaloittelutauko<\/strong><\/p>\n\n\n\n<p><strong>klo 14.05 Joustavuutta pienist\u00e4 osaamiskokonaisuuksista ja s\u00e4hk\u00f6isist\u00e4 osaamismerkeist\u00e4<br><\/strong>Lehtori Sanna Brauer, OY\/OAMK<\/p>\n\n\n\n<p><strong>klo 14.40 Keskustelu:<\/strong>&nbsp;Mit\u00e4 lis\u00e4arvoa pienet osaamiskokonaisuudet ja osaamismerkit tuovat jatkuvaan oppimiseen?<\/p>\n\n\n\n<p><strong>15.00 Webinaari p\u00e4\u00e4ttyy<\/strong><\/p>\n\n\n\n<p><strong>Ilmoittaudu 1.12.2021 menness\u00e4<\/strong>:&nbsp;<a href=\"https:\/\/konsta.utu.fi\/Default.aspx?tabid=88&amp;tap=11719\">https:\/\/konsta.utu.fi\/Default.aspx?tabid=88&amp;tap=11719<\/a><\/p>\n\n\n\n<p><strong>Lis\u00e4tietoja:<br><\/strong>Tiina Anttila<br>UCEF-verkoston koordinaattori<br><a href=\"mailto:tiina.anttila@utu.fi\">tiina.anttila@utu.fi<\/a>, puh. 040&nbsp;523 9081<\/p>\n\n\n\n<p>by&nbsp;<a href=\"https:\/\/ucef.fi\/author\/leena\/\">Leena Tammioja<\/a><\/p>\n","protected":false},"excerpt":{"rendered":"<p>T\u00e4m\u00e4n vuoden syysseminaarissa keski\u00f6ss\u00e4 on jatkuvan oppimisen ekosysteemi ja sen kehitt\u00e4minen. Aikaa on varattu my\u00f6s keskusteluun ja kysymyksiin. Webinaariin ovat tervetulleita kaikki yliopistojen ja ammattikorkeakoulujen jatkuvan oppimisen parissa ty\u00f6skentelev\u00e4t. Webinaari on maksuton ja se toteutetaan Zoomilla. Tiistai 7.12.2021 klo 12.00-15.00 klo 12.00 AvaussanatPuheenjohtaja Timo Halttunen, UCEF klo 12.10 Tilannekatsaus Jatkuvan oppimisen ja ty\u00f6llisyyden palvelukeskuksestaJohtaja Kirsi [&hellip;]<\/p>\n","protected":false},"author":1,"featured_media":0,"comment_status":"closed","ping_status":"open","sticky":false,"template":"","format":"standard","meta":{"_et_pb_use_builder":"","_et_pb_old_content":"","_et_gb_content_width":"","footnotes":""},"categories":[4],"tags":[],"class_list":["post-136","post","type-post","status-publish","format-standard","hentry","category-ajankohtaista"],"yoast_head":"<!-- This site is optimized with the Yoast SEO plugin v26.2 - https:\/\/yoast.com\/wordpress\/plugins\/seo\/ -->\n<title>UCEFin syyswebinaari: Jatkuvan oppimisen ekosysteemi 7.-8.12.2021 - UCEF<\/title>\n<meta name=\"robots\" content=\"index, follow, max-snippet:-1, max-image-preview:large, max-video-preview:-1\" \/>\n<link rel=\"canonical\" href=\"https:\/\/ucef.fi\/index.php\/2021\/11\/11\/ucefin-syyswebinaari-jatkuvan-oppimisen-ekosysteemi-7-8-12-2021\/\" \/>\n<meta property=\"og:locale\" content=\"fi_FI\" \/>\n<meta property=\"og:type\" content=\"article\" \/>\n<meta property=\"og:title\" content=\"UCEFin syyswebinaari: Jatkuvan oppimisen ekosysteemi 7.-8.12.2021 - UCEF\" \/>\n<meta property=\"og:description\" content=\"T\u00e4m\u00e4n vuoden syysseminaarissa keski\u00f6ss\u00e4 on jatkuvan oppimisen ekosysteemi ja sen kehitt\u00e4minen. Aikaa on varattu my\u00f6s keskusteluun ja kysymyksiin. Webinaariin ovat tervetulleita kaikki yliopistojen ja ammattikorkeakoulujen jatkuvan oppimisen parissa ty\u00f6skentelev\u00e4t. Webinaari on maksuton ja se toteutetaan Zoomilla. Tiistai 7.12.2021 klo 12.00-15.00 klo 12.00 AvaussanatPuheenjohtaja Timo Halttunen, UCEF klo 12.10 Tilannekatsaus Jatkuvan oppimisen ja ty\u00f6llisyyden palvelukeskuksestaJohtaja Kirsi [&hellip;]\" \/>\n<meta property=\"og:url\" content=\"https:\/\/ucef.fi\/index.php\/2021\/11\/11\/ucefin-syyswebinaari-jatkuvan-oppimisen-ekosysteemi-7-8-12-2021\/\" \/>\n<meta property=\"og:site_name\" content=\"UCEF\" \/>\n<meta property=\"article:published_time\" content=\"2021-11-11T08:50:00+00:00\" \/>\n<meta property=\"article:modified_time\" content=\"2025-05-02T08:58:06+00:00\" \/>\n<meta name=\"author\" content=\"admin\" \/>\n<meta name=\"twitter:card\" content=\"summary_large_image\" \/>\n<meta name=\"twitter:label1\" content=\"Kirjoittanut\" \/>\n\t<meta name=\"twitter:data1\" content=\"admin\" \/>\n\t<meta name=\"twitter:label2\" content=\"Arvioitu lukuaika\" \/>\n\t<meta name=\"twitter:data2\" content=\"2 minuuttia\" \/>\n<script type=\"application\/ld+json\" class=\"yoast-schema-graph\">{\"@context\":\"https:\/\/schema.org\",\"@graph\":[{\"@type\":\"WebPage\",\"@id\":\"https:\/\/ucef.fi\/index.php\/2021\/11\/11\/ucefin-syyswebinaari-jatkuvan-oppimisen-ekosysteemi-7-8-12-2021\/\",\"url\":\"https:\/\/ucef.fi\/index.php\/2021\/11\/11\/ucefin-syyswebinaari-jatkuvan-oppimisen-ekosysteemi-7-8-12-2021\/\",\"name\":\"UCEFin syyswebinaari: Jatkuvan oppimisen ekosysteemi 7.-8.12.2021 - UCEF\",\"isPartOf\":{\"@id\":\"https:\/\/ucef.fi\/#website\"},\"datePublished\":\"2021-11-11T08:50:00+00:00\",\"dateModified\":\"2025-05-02T08:58:06+00:00\",\"author\":{\"@id\":\"https:\/\/ucef.fi\/#\/schema\/person\/329a14061d907f7dc81870bdb524de5c\"},\"breadcrumb\":{\"@id\":\"https:\/\/ucef.fi\/index.php\/2021\/11\/11\/ucefin-syyswebinaari-jatkuvan-oppimisen-ekosysteemi-7-8-12-2021\/#breadcrumb\"},\"inLanguage\":\"fi\",\"potentialAction\":[{\"@type\":\"ReadAction\",\"target\":[\"https:\/\/ucef.fi\/index.php\/2021\/11\/11\/ucefin-syyswebinaari-jatkuvan-oppimisen-ekosysteemi-7-8-12-2021\/\"]}]},{\"@type\":\"BreadcrumbList\",\"@id\":\"https:\/\/ucef.fi\/index.php\/2021\/11\/11\/ucefin-syyswebinaari-jatkuvan-oppimisen-ekosysteemi-7-8-12-2021\/#breadcrumb\",\"itemListElement\":[{\"@type\":\"ListItem\",\"position\":1,\"name\":\"Etusivu\",\"item\":\"https:\/\/ucef.fi\/index.php\/etusivu\/\"},{\"@type\":\"ListItem\",\"position\":2,\"name\":\"UCEFin syyswebinaari: Jatkuvan oppimisen ekosysteemi 7.-8.12.2021\"}]},{\"@type\":\"WebSite\",\"@id\":\"https:\/\/ucef.fi\/#website\",\"url\":\"https:\/\/ucef.fi\/\",\"name\":\"UCEF\",\"description\":\"Yliopistojen t\u00e4ydennyskoulutustoimijoiden yhteisty\u00f6verkosto\",\"potentialAction\":[{\"@type\":\"SearchAction\",\"target\":{\"@type\":\"EntryPoint\",\"urlTemplate\":\"https:\/\/ucef.fi\/?s={search_term_string}\"},\"query-input\":{\"@type\":\"PropertyValueSpecification\",\"valueRequired\":true,\"valueName\":\"search_term_string\"}}],\"inLanguage\":\"fi\"},{\"@type\":\"Person\",\"@id\":\"https:\/\/ucef.fi\/#\/schema\/person\/329a14061d907f7dc81870bdb524de5c\",\"name\":\"admin\",\"image\":{\"@type\":\"ImageObject\",\"inLanguage\":\"fi\",\"@id\":\"https:\/\/ucef.fi\/#\/schema\/person\/image\/\",\"url\":\"https:\/\/secure.gravatar.com\/avatar\/c376b6af370d7a21015637508dd047cdd0803120a5669e5df0df1c83cac2c0ab?s=96&d=mm&r=g\",\"contentUrl\":\"https:\/\/secure.gravatar.com\/avatar\/c376b6af370d7a21015637508dd047cdd0803120a5669e5df0df1c83cac2c0ab?s=96&d=mm&r=g\",\"caption\":\"admin\"},\"sameAs\":[\"https:\/\/ucef.fi\"],\"url\":\"https:\/\/ucef.fi\/index.php\/author\/admin_ziptdc4k\/\"}]}<\/script>\n<!-- \/ Yoast SEO plugin. -->","yoast_head_json":{"title":"UCEFin syyswebinaari: Jatkuvan oppimisen ekosysteemi 7.-8.12.2021 - UCEF","robots":{"index":"index","follow":"follow","max-snippet":"max-snippet:-1","max-image-preview":"max-image-preview:large","max-video-preview":"max-video-preview:-1"},"canonical":"https:\/\/ucef.fi\/index.php\/2021\/11\/11\/ucefin-syyswebinaari-jatkuvan-oppimisen-ekosysteemi-7-8-12-2021\/","og_locale":"fi_FI","og_type":"article","og_title":"UCEFin syyswebinaari: Jatkuvan oppimisen ekosysteemi 7.-8.12.2021 - UCEF","og_description":"T\u00e4m\u00e4n vuoden syysseminaarissa keski\u00f6ss\u00e4 on jatkuvan oppimisen ekosysteemi ja sen kehitt\u00e4minen. Aikaa on varattu my\u00f6s keskusteluun ja kysymyksiin. Webinaariin ovat tervetulleita kaikki yliopistojen ja ammattikorkeakoulujen jatkuvan oppimisen parissa ty\u00f6skentelev\u00e4t. Webinaari on maksuton ja se toteutetaan Zoomilla. Tiistai 7.12.2021 klo 12.00-15.00 klo 12.00 AvaussanatPuheenjohtaja Timo Halttunen, UCEF klo 12.10 Tilannekatsaus Jatkuvan oppimisen ja ty\u00f6llisyyden palvelukeskuksestaJohtaja Kirsi [&hellip;]","og_url":"https:\/\/ucef.fi\/index.php\/2021\/11\/11\/ucefin-syyswebinaari-jatkuvan-oppimisen-ekosysteemi-7-8-12-2021\/","og_site_name":"UCEF","article_published_time":"2021-11-11T08:50:00+00:00","article_modified_time":"2025-05-02T08:58:06+00:00","author":"admin","twitter_card":"summary_large_image","twitter_misc":{"Kirjoittanut":"admin","Arvioitu lukuaika":"2 minuuttia"},"schema":{"@context":"https:\/\/schema.org","@graph":[{"@type":"WebPage","@id":"https:\/\/ucef.fi\/index.php\/2021\/11\/11\/ucefin-syyswebinaari-jatkuvan-oppimisen-ekosysteemi-7-8-12-2021\/","url":"https:\/\/ucef.fi\/index.php\/2021\/11\/11\/ucefin-syyswebinaari-jatkuvan-oppimisen-ekosysteemi-7-8-12-2021\/","name":"UCEFin syyswebinaari: Jatkuvan oppimisen ekosysteemi 7.-8.12.2021 - UCEF","isPartOf":{"@id":"https:\/\/ucef.fi\/#website"},"datePublished":"2021-11-11T08:50:00+00:00","dateModified":"2025-05-02T08:58:06+00:00","author":{"@id":"https:\/\/ucef.fi\/#\/schema\/person\/329a14061d907f7dc81870bdb524de5c"},"breadcrumb":{"@id":"https:\/\/ucef.fi\/index.php\/2021\/11\/11\/ucefin-syyswebinaari-jatkuvan-oppimisen-ekosysteemi-7-8-12-2021\/#breadcrumb"},"inLanguage":"fi","potentialAction":[{"@type":"ReadAction","target":["https:\/\/ucef.fi\/index.php\/2021\/11\/11\/ucefin-syyswebinaari-jatkuvan-oppimisen-ekosysteemi-7-8-12-2021\/"]}]},{"@type":"BreadcrumbList","@id":"https:\/\/ucef.fi\/index.php\/2021\/11\/11\/ucefin-syyswebinaari-jatkuvan-oppimisen-ekosysteemi-7-8-12-2021\/#breadcrumb","itemListElement":[{"@type":"ListItem","position":1,"name":"Etusivu","item":"https:\/\/ucef.fi\/index.php\/etusivu\/"},{"@type":"ListItem","position":2,"name":"UCEFin syyswebinaari: Jatkuvan oppimisen ekosysteemi 7.-8.12.2021"}]},{"@type":"WebSite","@id":"https:\/\/ucef.fi\/#website","url":"https:\/\/ucef.fi\/","name":"UCEF","description":"Yliopistojen t\u00e4ydennyskoulutustoimijoiden yhteisty\u00f6verkosto","potentialAction":[{"@type":"SearchAction","target":{"@type":"EntryPoint","urlTemplate":"https:\/\/ucef.fi\/?s={search_term_string}"},"query-input":{"@type":"PropertyValueSpecification","valueRequired":true,"valueName":"search_term_string"}}],"inLanguage":"fi"},{"@type":"Person","@id":"https:\/\/ucef.fi\/#\/schema\/person\/329a14061d907f7dc81870bdb524de5c","name":"admin","image":{"@type":"ImageObject","inLanguage":"fi","@id":"https:\/\/ucef.fi\/#\/schema\/person\/image\/","url":"https:\/\/secure.gravatar.com\/avatar\/c376b6af370d7a21015637508dd047cdd0803120a5669e5df0df1c83cac2c0ab?s=96&d=mm&r=g","contentUrl":"https:\/\/secure.gravatar.com\/avatar\/c376b6af370d7a21015637508dd047cdd0803120a5669e5df0df1c83cac2c0ab?s=96&d=mm&r=g","caption":"admin"},"sameAs":["https:\/\/ucef.fi"],"url":"https:\/\/ucef.fi\/index.php\/author\/admin_ziptdc4k\/"}]}},"_links":{"self":[{"href":"https:\/\/ucef.fi\/index.php\/wp-json\/wp\/v2\/posts\/136","targetHints":{"allow":["GET"]}}],"collection":[{"href":"https:\/\/ucef.fi\/index.php\/wp-json\/wp\/v2\/posts"}],"about":[{"href":"https:\/\/ucef.fi\/index.php\/wp-json\/wp\/v2\/types\/post"}],"author":[{"embeddable":true,"href":"https:\/\/ucef.fi\/index.php\/wp-json\/wp\/v2\/users\/1"}],"replies":[{"embeddable":true,"href":"https:\/\/ucef.fi\/index.php\/wp-json\/wp\/v2\/comments?post=136"}],"version-history":[{"count":1,"href":"https:\/\/ucef.fi\/index.php\/wp-json\/wp\/v2\/posts\/136\/revisions"}],"predecessor-version":[{"id":137,"href":"https:\/\/ucef.fi\/index.php\/wp-json\/wp\/v2\/posts\/136\/revisions\/137"}],"wp:attachment":[{"href":"https:\/\/ucef.fi\/index.php\/wp-json\/wp\/v2\/media?parent=136"}],"wp:term":[{"taxonomy":"category","embeddable":true,"href":"https:\/\/ucef.fi\/index.php\/wp-json\/wp\/v2\/categories?post=136"},{"taxonomy":"post_tag","embeddable":true,"href":"https:\/\/ucef.fi\/index.php\/wp-json\/wp\/v2\/tags?post=136"}],"curies":[{"name":"wp","href":"https:\/\/api.w.org\/{rel}","templated":true}]}}