{"id":132,"date":"2020-10-01T08:47:00","date_gmt":"2020-10-01T08:47:00","guid":{"rendered":"https:\/\/ucef.fi\/?p=132"},"modified":"2025-05-02T08:58:07","modified_gmt":"2025-05-02T08:58:07","slug":"ucefin-syysseminaari-verkossa-4-5-11-2020","status":"publish","type":"post","link":"https:\/\/ucef.fi\/index.php\/2020\/10\/01\/ucefin-syysseminaari-verkossa-4-5-11-2020\/","title":{"rendered":"UCEF:in syysseminaari verkossa 4.-5.11.2020"},"content":{"rendered":"\n<p><strong>Kiitos kaikille seminaariin osallistuneille!<br>Uudistuva t\u00e4ydennyskoulutus osana jatkuvaa oppimista<\/strong><\/p>\n\n\n\n<p>UCEF-verkoston t\u00e4m\u00e4n vuoden syysseminaari \u201d<strong>Uudistuva t\u00e4ydennyskoulutus osana jatkuvaa oppimista<\/strong>\u201d j\u00e4rjestet\u00e4\u00e4n kahtena puolen p\u00e4iv\u00e4n mittaisena verkkoseminaarina 4.-5.11.2020.<\/p>\n\n\n\n<p>Seminaari toteutetaan Zoom -ohjelman v\u00e4lityksell\u00e4 ja ty\u00f6tilana toimii Howspace-alusta, johon jokainen osallistuja saa ennen seminaaria henkil\u00f6kohtaisen kutsulinkin.<\/p>\n\n\n\n<p>Ensimm\u00e4isen\u00e4 p\u00e4iv\u00e4n\u00e4 k\u00e4yd\u00e4\u00e4n keskusteluja tietoty\u00f6st\u00e4 ja itsens\u00e4 johtamisesta sek\u00e4 uudistumiskyvyst\u00e4 ja luovuudesta organisaatioiden muutosjoustavuuden n\u00e4k\u00f6kulmasta. Toisena p\u00e4iv\u00e4n\u00e4 keskityt\u00e4\u00e4n jatkuvan oppimisen kysymyksiin.<\/p>\n\n\n\n<p><strong>Paikka: Verkkoseminaari, Zoom &amp; Howspace<\/strong><\/p>\n\n\n\n<hr class=\"wp-block-separator has-alpha-channel-opacity\"\/>\n\n\n\n<p><strong>Ohjelma<\/strong><\/p>\n\n\n\n<hr class=\"wp-block-separator has-alpha-channel-opacity\"\/>\n\n\n\n<p><strong>Keskiviikko 4.11.2020 klo 12 \u2013 16<\/strong><\/p>\n\n\n\n<p><strong>Tietoty\u00f6, luovuus ja innovaatiot<\/strong><\/p>\n\n\n\n<p><strong>11:45 Sis\u00e4\u00e4nkirjautuminen seminaariin alkaa<\/strong><\/p>\n\n\n\n<p><strong>12:00<\/strong>&nbsp;<strong>Tervetuloa!<\/strong><\/p>\n\n\n\n<p><em>UCEF-verkoston puheenjohtaja Timo Halttunen&nbsp;<\/em><\/p>\n\n\n\n<p><strong>Video: LUT University Strategy 2030: TRAILBLAZERS \u2013 Science with a Purpose<\/strong><\/p>\n\n\n\n<p><strong>12:30 \u2013 13:15&nbsp;Asiantuntemuksen nopea organisointi<\/strong><\/p>\n\n\n\n<p><em>Professori Kirsimarja Blomqvist<strong>,<\/strong>&nbsp;LUT-kauppakorkeakoulu<\/em><\/p>\n\n\n\n<p><strong>13:30 \u2013 14:15&nbsp;Organisaation uudistumiskyky ja luovuus<\/strong><\/p>\n\n\n\n<p><em>Professori Aino Kianto, LUT-kauppakorkeakoulu<\/em><\/p>\n\n\n\n<p><strong>14:30 \u2013 15:00 Merkityksellisyyden kokemus innovatiivisuuden edellytyksen\u00e4<\/strong><\/p>\n\n\n\n<p><em>Dosentti Tuija Oikarinen ja projektitutkija Suvi-Jonna Martikainen, LUT School of Engineering Science<\/em><\/p>\n\n\n\n<p><strong>15:15 \u2013 15:45 Vapaamuotoinen verkostoitumistilaisuus<\/strong><\/p>\n\n\n\n<hr class=\"wp-block-separator has-alpha-channel-opacity\"\/>\n\n\n\n<p><strong>Torstai 5.11.2020 klo 12 \u2013 15<\/strong><\/p>\n\n\n\n<p><strong>Kymmenen teesi\u00e4 t\u00e4ydennyskoulutuksesta \u2013 t\u00e4ydennyskoulutuksen tulevaisuus?<\/strong><\/p>\n\n\n\n<p><strong>11:45 Sis\u00e4\u00e4nkirjautuminen seminaariin alkaa<\/strong><\/p>\n\n\n\n<p><strong>12:00<\/strong>&nbsp;<strong>T\u00e4ydennyskoulutus yliopistojen jatkuvan oppimisen kokonaisuudessa<\/strong><\/p>\n\n\n\n<p>12:00 \u2013 12:45<strong><br>Moocit ja oppimismuotoilu: kokemuksia tekniikan verkostoyliopisto FITechin koulutustoiminnan kehitt\u00e4misest\u00e4<\/strong><br><em>Johtava suunnittelija Pilvi Lempi\u00e4inen TY, FITech &amp; oppimismuotoilija Akseli Huhtanen, Aalto-yliopisto<\/em><\/p>\n\n\n\n<p>12:50 \u2013 13:10<br><strong>Koulutustoiminnan virityspaja<\/strong><br>Yhteist\u00e4 keskustelua t\u00e4ydennyskoulutuksen uudistamisesta<\/p>\n\n\n\n<p>13:15 \u2013 14:00<br><strong>Jatkuvan oppimisen kyselytunti<\/strong><\/p>\n\n\n\n<p><em>Vastaajana vanhempi neuvonantaja Tapio Huttula, Osaamisen aika, SITRA<\/em><\/p>\n\n\n\n<p><strong>14:15 Miten verkoston yliopistot voisivat tukea toisiaan liiketoiminnan kehitt\u00e4misess\u00e4?<\/strong><\/p>\n\n\n\n<p><em>Liiketoimintajohtaja Mikko Kivek\u00e4s, HY+ Oy<\/em><\/p>\n\n\n\n<p><strong>14:45 Seminaarin p\u00e4\u00e4t\u00f6ssanat<\/strong><\/p>\n\n\n\n<p><strong>15:00 Seminaari p\u00e4\u00e4ttyy<\/strong><\/p>\n\n\n\n<hr class=\"wp-block-separator has-alpha-channel-opacity\"\/>\n\n\n\n<p><strong>Puhujat<\/strong><\/p>\n\n\n\n<hr class=\"wp-block-separator has-alpha-channel-opacity\"\/>\n\n\n\n<p><img loading=\"lazy\" decoding=\"async\" width=\"300\" height=\"300\" src=\"blob:https:\/\/ucef.fi\/a903e301-1177-4744-aa8f-34480a37907a\" alt=\"Kuva, joka sis\u00e4lt\u00e4\u00e4 kohteen Ihmisen kasvot, henkil\u00f6, vaate, Juhla-asu\n\nTeko\u00e4lyn generoima sis\u00e4lt\u00f6 voi olla virheellist\u00e4.\"><strong>Juha-Matti Saksa&nbsp;<\/strong>(kuva: Teemu Leinonen)<br>LUT-yliopiston rehtori, KTT Juha-Matti Saksa<\/p>\n\n\n\n<p><img loading=\"lazy\" decoding=\"async\" width=\"300\" height=\"300\" src=\"blob:https:\/\/ucef.fi\/c1c61ff7-cbdf-40fb-9b9f-3c6e8f9a085d\" alt=\"Kuva, joka sis\u00e4lt\u00e4\u00e4 kohteen Ihmisen kasvot, vaate, henkil\u00f6, hymy\n\nTeko\u00e4lyn generoima sis\u00e4lt\u00f6 voi olla virheellist\u00e4.\"><strong>Kirsimarja Blomqvist<\/strong><br>Tietojohtamisen professori Kirsimarja Blomqvist tutkii ja opettaa tietojohtamista Lappeenrannan ja Lahden teknillisess\u00e4 yliopistossa (LUT). Aiemmin Blomqvist on ty\u00f6skennellyt mm. yliopiston kansainv\u00e4lisist\u00e4 suhteista vastaavana vararehtorina, monitieteisen tutkimusyksik\u00f6n perustajana ja vet\u00e4j\u00e4n\u00e4, suuryrityksen T&amp;K toiminnoissa, kasvuyritysten kansainv\u00e4listymisprojektissa sek\u00e4 riskirahoittajana. Tietojohtamisessa h\u00e4n on erityisen kiinnostunut luottamuksen rakentamisesta erilaisten osapuolten kesken, uuden tiedon luomisesta sek\u00e4 digitalisaation mahdollistamista uusista ty\u00f6n ja osaamisen organisoitumismuodoista.<\/p>\n\n\n\n<p><img loading=\"lazy\" decoding=\"async\" width=\"300\" height=\"300\" src=\"blob:https:\/\/ucef.fi\/f390b2f0-3327-4b4b-b25e-a50040616437\" alt=\"Kuva, joka sis\u00e4lt\u00e4\u00e4 kohteen Ihmisen kasvot, henkil\u00f6, hymy, vaate\n\nTeko\u00e4lyn generoima sis\u00e4lt\u00f6 voi olla virheellist\u00e4.\"><strong>Aino Kianto&nbsp;<\/strong>(kuva: Teemu Leinonen)<br>Tietojohtamisen professori Aino Kianto on tietojohtaminen ja johtajuus -ohjelman akateeminen ohjaaja Lappeenrannan ja Lahden teknillisess\u00e4 yliopistossa. Kiannon tutkimusintresseihin kuuluu tietojohtaminen, organisatorinen uusiutuminen ja luovuus. H\u00e4nen kansainv\u00e4lisestikin palkittuja tutkimuksiaan kyseisist\u00e4 aiheista on julkaistu laajalti (esim.&nbsp;<em>Journal of Knowledge Management, Journal of Intellectual Capital, Journal of Business Research, R&amp;D Management, Human Resource Management Journal, and Accounting, Auditing and Accountability Journal<\/em>). Kianto toimii&nbsp;<em>VINE Journal of Information and Knowledge Management Systems<\/em>&nbsp;-aikakausilehden apulaiseditorina ja on j\u00e4sen kolmen muun aikakausilehden toimitusneuvostoissa (Knowledge Management Research &amp; Practice; Journal of Intellectual Capital; International Journal of Knowledge and Systems Science).<\/p>\n\n\n\n<p><img loading=\"lazy\" decoding=\"async\" width=\"291\" height=\"300\" src=\"blob:https:\/\/ucef.fi\/9705b1b9-5afd-4fdb-97b9-d730df5ca126\" alt=\"Kuva, joka sis\u00e4lt\u00e4\u00e4 kohteen Ihmisen kasvot, henkil\u00f6, hymy, vaate\n\nTeko\u00e4lyn generoima sis\u00e4lt\u00f6 voi olla virheellist\u00e4.\"><strong>Tuija Oikarinen<\/strong><br>Dosentti Tuija Oikarinen (KTT) ty\u00f6skentelee LUT-yliopiston Lahden kampuksella erikoistutkijana. Oikarinen keskittyi v\u00e4it\u00f6skirjassaan organisaatioiden uudistumiseen oppimisprosessien n\u00e4k\u00f6kulmasta. Viime aikoina erityisen\u00e4 mielenkiinnon kohteena on ollut k\u00e4yt\u00e4nt\u00f6l\u00e4ht\u00f6isen innovaatiotoiminnan tukeminen yksil\u00f6n ja organisaation n\u00e4k\u00f6kulmista. Aikaisemmin h\u00e4n on ty\u00f6skennellyt yritt\u00e4j\u00e4n\u00e4 ja yksityisen sektorin palveluksessa.<\/p>\n\n\n\n<p><img loading=\"lazy\" decoding=\"async\" width=\"300\" height=\"300\" src=\"blob:https:\/\/ucef.fi\/a531688d-099a-466f-b465-cdee67f81f85\" alt=\"Kuva, joka sis\u00e4lt\u00e4\u00e4 kohteen Ihmisen kasvot, henkil\u00f6, hymy, huuli\n\nTeko\u00e4lyn generoima sis\u00e4lt\u00f6 voi olla virheellist\u00e4.\"><strong>Suvi-Jonna Martikainen<\/strong><br>Projektitutkija Suvi-Jonna Martikainen LUT-yliopistosta tekee v\u00e4it\u00f6skirjaa ty\u00f6ntekij\u00f6iden hyvinvoinnin ja merkityksellisyyden kokemuksista ja niiden suhteesta ty\u00f6el\u00e4m\u00e4n sosiaaliseen kest\u00e4vyyteen. Martikaisen tutkimusintresseihin kuuluu my\u00f6s ihmisk\u00e4ytt\u00e4ytymisen ja organisaatioiden ilmi\u00f6iden vuorovaikutuksen tarkastelu sek\u00e4 taiteelliset menetelm\u00e4t tutkimuksen ja kehitt\u00e4misen metodeina.<\/p>\n\n\n\n<p><img loading=\"lazy\" decoding=\"async\" width=\"300\" height=\"300\" src=\"blob:https:\/\/ucef.fi\/6c34d444-cb66-4f08-95a5-0434b2bbf3ba\" alt=\"Kuva, joka sis\u00e4lt\u00e4\u00e4 kohteen henkil\u00f6, Ihmisen kasvot, vaate, hymy\n\nTeko\u00e4lyn generoima sis\u00e4lt\u00f6 voi olla virheellist\u00e4.\"><strong>Pilvi Lempi\u00e4inen<\/strong><br>Pilvi Lempi\u00e4inen (VTM) toimii FITech-verkostoyliopiston opintopalveluiden p\u00e4\u00e4llikk\u00f6n\u00e4. FITech-verkostoyliopisto on perustettu lokakuussa 2017 ja Pilvi on vastannut verkoston opintopalvelujen kehitt\u00e4misest\u00e4 vuodesta 2018 l\u00e4htien. FITech tarjoaa tekniikan alan opintoja seitsem\u00e4st\u00e4 eri yliopistosta niin korkeakoulujen tutkinto-opiskelijoille kuin jatkuvan oppimisen asiakkaille. Opintopalveluiden p\u00e4\u00e4llikk\u00f6n\u00e4 Pilvi on kehitt\u00e4nyt verkoston yhten\u00e4isi\u00e4 opintopalveluk\u00e4yt\u00e4nt\u00f6j\u00e4 ja vastaa siit\u00e4, ett\u00e4 opiskelijan polku FITechiss\u00e4 olisi mahdollisimman sujuva. Aikaisemmin Pilvi on toiminut Turun yliopistossa asiantuntijateht\u00e4viss\u00e4 ty\u00f6el\u00e4m\u00e4palveluissa ja koulutusvienniss\u00e4.<\/p>\n\n\n\n<p><img loading=\"lazy\" decoding=\"async\" width=\"300\" height=\"300\" src=\"blob:https:\/\/ucef.fi\/2437aadc-ba8f-4f8a-9880-962421fb7385\" alt=\"Kuva, joka sis\u00e4lt\u00e4\u00e4 kohteen Ihmisen kasvot, henkil\u00f6, hymy, vaate\n\nTeko\u00e4lyn generoima sis\u00e4lt\u00f6 voi olla virheellist\u00e4.\"><strong>Tapio Huttula<\/strong>&nbsp;(kuva: Miikka Pirinen)<br>Tapio Huttula (FT) toimii vanhempana neuvonantajana Sitran Osaamisen aika -avainalueella vastaten erityisesti sis\u00e4lt\u00f6\u00f6n, toimintaymp\u00e4rist\u00f6n muutokseen ja sidosryhm\u00e4yhteisty\u00f6h\u00f6n liittyvist\u00e4 kysymyksist\u00e4. Kolmivuotisen projektikokonaisuuden pyrkimyksen\u00e4 on vauhdittaa siirtymist\u00e4 pitk\u00e4j\u00e4nteiseen ja laaja-alaiseen elinik\u00e4isen oppimisen politiikkaan, jossa osaamista ja ty\u00f6t\u00e4 tarkastellaan hyvinvoinnin rakennusaineina. Huttulalla on pitk\u00e4 kokemus korkeakoulutuksen ja elinik\u00e4isen oppimisen kehitt\u00e4misest\u00e4 sek\u00e4 ty\u00f6markkinatoiminnasta. Ennen Sitraa h\u00e4n toimi mm. Humanistisen ammattikorkeakoulun rehtori-toimitusjohtajana ja johti Kansallisen koulutuksen arviointikeskuksen arviointineuvostoa.<\/p>\n\n\n\n<p><img loading=\"lazy\" decoding=\"async\" width=\"300\" height=\"300\" src=\"blob:https:\/\/ucef.fi\/0c17a4c2-75cc-4bc1-a207-2c34289ad502\" alt=\"Kuva, joka sis\u00e4lt\u00e4\u00e4 kohteen Ihmisen kasvot, henkil\u00f6, vaate, hymy\n\nTeko\u00e4lyn generoima sis\u00e4lt\u00f6 voi olla virheellist\u00e4.\"><strong>Mikko Kivek\u00e4s<\/strong><br>Mikko Kivek\u00e4s (FM, KTK) on HY+ Oy:n liiketoimintajohtaja ja h\u00e4n on ty\u00f6skennellyt t\u00e4ydennyskoulutuksen parissa noin 20 vuotta. Kivek\u00e4s on toiminut johtoteht\u00e4viss\u00e4 kymmenen vuoden ajan organisaatioissa kuten HY+ Oy, Ty\u00f6terveyslaitos, Edupoli ja Trainers\u2019 House. Mikon mielest\u00e4 parhaat osaamisen kehitt\u00e4misen tuotteet syntyv\u00e4t yhteisty\u00f6ss\u00e4 asiakkaan ja verkostojen kanssa.<\/p>\n\n\n\n<p>&nbsp;by Tiina Anttila<\/p>\n","protected":false},"excerpt":{"rendered":"<p>Kiitos kaikille seminaariin osallistuneille!Uudistuva t\u00e4ydennyskoulutus osana jatkuvaa oppimista UCEF-verkoston t\u00e4m\u00e4n vuoden syysseminaari \u201dUudistuva t\u00e4ydennyskoulutus osana jatkuvaa oppimista\u201d j\u00e4rjestet\u00e4\u00e4n kahtena puolen p\u00e4iv\u00e4n mittaisena verkkoseminaarina 4.-5.11.2020. Seminaari toteutetaan Zoom -ohjelman v\u00e4lityksell\u00e4 ja ty\u00f6tilana toimii Howspace-alusta, johon jokainen osallistuja saa ennen seminaaria henkil\u00f6kohtaisen kutsulinkin. Ensimm\u00e4isen\u00e4 p\u00e4iv\u00e4n\u00e4 k\u00e4yd\u00e4\u00e4n keskusteluja tietoty\u00f6st\u00e4 ja itsens\u00e4 johtamisesta sek\u00e4 uudistumiskyvyst\u00e4 ja luovuudesta organisaatioiden muutosjoustavuuden [&hellip;]<\/p>\n","protected":false},"author":1,"featured_media":0,"comment_status":"closed","ping_status":"open","sticky":false,"template":"","format":"standard","meta":{"_et_pb_use_builder":"","_et_pb_old_content":"","_et_gb_content_width":"","footnotes":""},"categories":[4],"tags":[],"class_list":["post-132","post","type-post","status-publish","format-standard","hentry","category-ajankohtaista"],"yoast_head":"<!-- This site is optimized with the Yoast SEO plugin v26.2 - https:\/\/yoast.com\/wordpress\/plugins\/seo\/ -->\n<title>UCEF:in syysseminaari verkossa 4.-5.11.2020 - UCEF<\/title>\n<meta name=\"robots\" content=\"index, follow, max-snippet:-1, max-image-preview:large, max-video-preview:-1\" \/>\n<link rel=\"canonical\" href=\"https:\/\/ucef.fi\/index.php\/2020\/10\/01\/ucefin-syysseminaari-verkossa-4-5-11-2020\/\" \/>\n<meta property=\"og:locale\" content=\"fi_FI\" \/>\n<meta property=\"og:type\" content=\"article\" \/>\n<meta property=\"og:title\" content=\"UCEF:in syysseminaari verkossa 4.-5.11.2020 - UCEF\" \/>\n<meta property=\"og:description\" content=\"Kiitos kaikille seminaariin osallistuneille!Uudistuva t\u00e4ydennyskoulutus osana jatkuvaa oppimista UCEF-verkoston t\u00e4m\u00e4n vuoden syysseminaari \u201dUudistuva t\u00e4ydennyskoulutus osana jatkuvaa oppimista\u201d j\u00e4rjestet\u00e4\u00e4n kahtena puolen p\u00e4iv\u00e4n mittaisena verkkoseminaarina 4.-5.11.2020. Seminaari toteutetaan Zoom -ohjelman v\u00e4lityksell\u00e4 ja ty\u00f6tilana toimii Howspace-alusta, johon jokainen osallistuja saa ennen seminaaria henkil\u00f6kohtaisen kutsulinkin. Ensimm\u00e4isen\u00e4 p\u00e4iv\u00e4n\u00e4 k\u00e4yd\u00e4\u00e4n keskusteluja tietoty\u00f6st\u00e4 ja itsens\u00e4 johtamisesta sek\u00e4 uudistumiskyvyst\u00e4 ja luovuudesta organisaatioiden muutosjoustavuuden [&hellip;]\" \/>\n<meta property=\"og:url\" content=\"https:\/\/ucef.fi\/index.php\/2020\/10\/01\/ucefin-syysseminaari-verkossa-4-5-11-2020\/\" \/>\n<meta property=\"og:site_name\" content=\"UCEF\" \/>\n<meta property=\"article:published_time\" content=\"2020-10-01T08:47:00+00:00\" \/>\n<meta property=\"article:modified_time\" content=\"2025-05-02T08:58:07+00:00\" \/>\n<meta name=\"author\" content=\"admin\" \/>\n<meta name=\"twitter:card\" content=\"summary_large_image\" \/>\n<meta name=\"twitter:label1\" content=\"Kirjoittanut\" \/>\n\t<meta name=\"twitter:data1\" content=\"admin\" \/>\n\t<meta name=\"twitter:label2\" content=\"Arvioitu lukuaika\" \/>\n\t<meta name=\"twitter:data2\" content=\"6 minuuttia\" \/>\n<script type=\"application\/ld+json\" class=\"yoast-schema-graph\">{\"@context\":\"https:\/\/schema.org\",\"@graph\":[{\"@type\":\"WebPage\",\"@id\":\"https:\/\/ucef.fi\/index.php\/2020\/10\/01\/ucefin-syysseminaari-verkossa-4-5-11-2020\/\",\"url\":\"https:\/\/ucef.fi\/index.php\/2020\/10\/01\/ucefin-syysseminaari-verkossa-4-5-11-2020\/\",\"name\":\"UCEF:in syysseminaari verkossa 4.-5.11.2020 - UCEF\",\"isPartOf\":{\"@id\":\"https:\/\/ucef.fi\/#website\"},\"datePublished\":\"2020-10-01T08:47:00+00:00\",\"dateModified\":\"2025-05-02T08:58:07+00:00\",\"author\":{\"@id\":\"https:\/\/ucef.fi\/#\/schema\/person\/329a14061d907f7dc81870bdb524de5c\"},\"breadcrumb\":{\"@id\":\"https:\/\/ucef.fi\/index.php\/2020\/10\/01\/ucefin-syysseminaari-verkossa-4-5-11-2020\/#breadcrumb\"},\"inLanguage\":\"fi\",\"potentialAction\":[{\"@type\":\"ReadAction\",\"target\":[\"https:\/\/ucef.fi\/index.php\/2020\/10\/01\/ucefin-syysseminaari-verkossa-4-5-11-2020\/\"]}]},{\"@type\":\"BreadcrumbList\",\"@id\":\"https:\/\/ucef.fi\/index.php\/2020\/10\/01\/ucefin-syysseminaari-verkossa-4-5-11-2020\/#breadcrumb\",\"itemListElement\":[{\"@type\":\"ListItem\",\"position\":1,\"name\":\"Etusivu\",\"item\":\"https:\/\/ucef.fi\/index.php\/etusivu\/\"},{\"@type\":\"ListItem\",\"position\":2,\"name\":\"UCEF:in syysseminaari verkossa 4.-5.11.2020\"}]},{\"@type\":\"WebSite\",\"@id\":\"https:\/\/ucef.fi\/#website\",\"url\":\"https:\/\/ucef.fi\/\",\"name\":\"UCEF\",\"description\":\"Yliopistojen t\u00e4ydennyskoulutustoimijoiden yhteisty\u00f6verkosto\",\"potentialAction\":[{\"@type\":\"SearchAction\",\"target\":{\"@type\":\"EntryPoint\",\"urlTemplate\":\"https:\/\/ucef.fi\/?s={search_term_string}\"},\"query-input\":{\"@type\":\"PropertyValueSpecification\",\"valueRequired\":true,\"valueName\":\"search_term_string\"}}],\"inLanguage\":\"fi\"},{\"@type\":\"Person\",\"@id\":\"https:\/\/ucef.fi\/#\/schema\/person\/329a14061d907f7dc81870bdb524de5c\",\"name\":\"admin\",\"image\":{\"@type\":\"ImageObject\",\"inLanguage\":\"fi\",\"@id\":\"https:\/\/ucef.fi\/#\/schema\/person\/image\/\",\"url\":\"https:\/\/secure.gravatar.com\/avatar\/c376b6af370d7a21015637508dd047cdd0803120a5669e5df0df1c83cac2c0ab?s=96&d=mm&r=g\",\"contentUrl\":\"https:\/\/secure.gravatar.com\/avatar\/c376b6af370d7a21015637508dd047cdd0803120a5669e5df0df1c83cac2c0ab?s=96&d=mm&r=g\",\"caption\":\"admin\"},\"sameAs\":[\"https:\/\/ucef.fi\"],\"url\":\"https:\/\/ucef.fi\/index.php\/author\/admin_ziptdc4k\/\"}]}<\/script>\n<!-- \/ Yoast SEO plugin. -->","yoast_head_json":{"title":"UCEF:in syysseminaari verkossa 4.-5.11.2020 - UCEF","robots":{"index":"index","follow":"follow","max-snippet":"max-snippet:-1","max-image-preview":"max-image-preview:large","max-video-preview":"max-video-preview:-1"},"canonical":"https:\/\/ucef.fi\/index.php\/2020\/10\/01\/ucefin-syysseminaari-verkossa-4-5-11-2020\/","og_locale":"fi_FI","og_type":"article","og_title":"UCEF:in syysseminaari verkossa 4.-5.11.2020 - UCEF","og_description":"Kiitos kaikille seminaariin osallistuneille!Uudistuva t\u00e4ydennyskoulutus osana jatkuvaa oppimista UCEF-verkoston t\u00e4m\u00e4n vuoden syysseminaari \u201dUudistuva t\u00e4ydennyskoulutus osana jatkuvaa oppimista\u201d j\u00e4rjestet\u00e4\u00e4n kahtena puolen p\u00e4iv\u00e4n mittaisena verkkoseminaarina 4.-5.11.2020. Seminaari toteutetaan Zoom -ohjelman v\u00e4lityksell\u00e4 ja ty\u00f6tilana toimii Howspace-alusta, johon jokainen osallistuja saa ennen seminaaria henkil\u00f6kohtaisen kutsulinkin. Ensimm\u00e4isen\u00e4 p\u00e4iv\u00e4n\u00e4 k\u00e4yd\u00e4\u00e4n keskusteluja tietoty\u00f6st\u00e4 ja itsens\u00e4 johtamisesta sek\u00e4 uudistumiskyvyst\u00e4 ja luovuudesta organisaatioiden muutosjoustavuuden [&hellip;]","og_url":"https:\/\/ucef.fi\/index.php\/2020\/10\/01\/ucefin-syysseminaari-verkossa-4-5-11-2020\/","og_site_name":"UCEF","article_published_time":"2020-10-01T08:47:00+00:00","article_modified_time":"2025-05-02T08:58:07+00:00","author":"admin","twitter_card":"summary_large_image","twitter_misc":{"Kirjoittanut":"admin","Arvioitu lukuaika":"6 minuuttia"},"schema":{"@context":"https:\/\/schema.org","@graph":[{"@type":"WebPage","@id":"https:\/\/ucef.fi\/index.php\/2020\/10\/01\/ucefin-syysseminaari-verkossa-4-5-11-2020\/","url":"https:\/\/ucef.fi\/index.php\/2020\/10\/01\/ucefin-syysseminaari-verkossa-4-5-11-2020\/","name":"UCEF:in syysseminaari verkossa 4.-5.11.2020 - UCEF","isPartOf":{"@id":"https:\/\/ucef.fi\/#website"},"datePublished":"2020-10-01T08:47:00+00:00","dateModified":"2025-05-02T08:58:07+00:00","author":{"@id":"https:\/\/ucef.fi\/#\/schema\/person\/329a14061d907f7dc81870bdb524de5c"},"breadcrumb":{"@id":"https:\/\/ucef.fi\/index.php\/2020\/10\/01\/ucefin-syysseminaari-verkossa-4-5-11-2020\/#breadcrumb"},"inLanguage":"fi","potentialAction":[{"@type":"ReadAction","target":["https:\/\/ucef.fi\/index.php\/2020\/10\/01\/ucefin-syysseminaari-verkossa-4-5-11-2020\/"]}]},{"@type":"BreadcrumbList","@id":"https:\/\/ucef.fi\/index.php\/2020\/10\/01\/ucefin-syysseminaari-verkossa-4-5-11-2020\/#breadcrumb","itemListElement":[{"@type":"ListItem","position":1,"name":"Etusivu","item":"https:\/\/ucef.fi\/index.php\/etusivu\/"},{"@type":"ListItem","position":2,"name":"UCEF:in syysseminaari verkossa 4.-5.11.2020"}]},{"@type":"WebSite","@id":"https:\/\/ucef.fi\/#website","url":"https:\/\/ucef.fi\/","name":"UCEF","description":"Yliopistojen t\u00e4ydennyskoulutustoimijoiden yhteisty\u00f6verkosto","potentialAction":[{"@type":"SearchAction","target":{"@type":"EntryPoint","urlTemplate":"https:\/\/ucef.fi\/?s={search_term_string}"},"query-input":{"@type":"PropertyValueSpecification","valueRequired":true,"valueName":"search_term_string"}}],"inLanguage":"fi"},{"@type":"Person","@id":"https:\/\/ucef.fi\/#\/schema\/person\/329a14061d907f7dc81870bdb524de5c","name":"admin","image":{"@type":"ImageObject","inLanguage":"fi","@id":"https:\/\/ucef.fi\/#\/schema\/person\/image\/","url":"https:\/\/secure.gravatar.com\/avatar\/c376b6af370d7a21015637508dd047cdd0803120a5669e5df0df1c83cac2c0ab?s=96&d=mm&r=g","contentUrl":"https:\/\/secure.gravatar.com\/avatar\/c376b6af370d7a21015637508dd047cdd0803120a5669e5df0df1c83cac2c0ab?s=96&d=mm&r=g","caption":"admin"},"sameAs":["https:\/\/ucef.fi"],"url":"https:\/\/ucef.fi\/index.php\/author\/admin_ziptdc4k\/"}]}},"_links":{"self":[{"href":"https:\/\/ucef.fi\/index.php\/wp-json\/wp\/v2\/posts\/132","targetHints":{"allow":["GET"]}}],"collection":[{"href":"https:\/\/ucef.fi\/index.php\/wp-json\/wp\/v2\/posts"}],"about":[{"href":"https:\/\/ucef.fi\/index.php\/wp-json\/wp\/v2\/types\/post"}],"author":[{"embeddable":true,"href":"https:\/\/ucef.fi\/index.php\/wp-json\/wp\/v2\/users\/1"}],"replies":[{"embeddable":true,"href":"https:\/\/ucef.fi\/index.php\/wp-json\/wp\/v2\/comments?post=132"}],"version-history":[{"count":1,"href":"https:\/\/ucef.fi\/index.php\/wp-json\/wp\/v2\/posts\/132\/revisions"}],"predecessor-version":[{"id":133,"href":"https:\/\/ucef.fi\/index.php\/wp-json\/wp\/v2\/posts\/132\/revisions\/133"}],"wp:attachment":[{"href":"https:\/\/ucef.fi\/index.php\/wp-json\/wp\/v2\/media?parent=132"}],"wp:term":[{"taxonomy":"category","embeddable":true,"href":"https:\/\/ucef.fi\/index.php\/wp-json\/wp\/v2\/categories?post=132"},{"taxonomy":"post_tag","embeddable":true,"href":"https:\/\/ucef.fi\/index.php\/wp-json\/wp\/v2\/tags?post=132"}],"curies":[{"name":"wp","href":"https:\/\/api.w.org\/{rel}","templated":true}]}}